{"id":1149,"date":"2020-03-16T15:11:51","date_gmt":"2020-03-16T14:11:51","guid":{"rendered":"https:\/\/www.stcks.cz\/?p=1149"},"modified":"2020-03-16T15:11:51","modified_gmt":"2020-03-16T14:11:51","slug":"odmeny-stcks-aktivnim-klubum-a-sportovcum-za-rok-2019","status":"publish","type":"post","link":"https:\/\/www.stcks.cz\/?p=1149","title":{"rendered":"Odm\u011bny ST\u010cKS aktivn\u00edm klub\u016fm a sportovc\u016fm za rok 2019"},"content":{"rendered":"\n<p class=\"wp-block-paragraph\">Veden\u00ed St\u0159edo\u010desk\u00e9ho krajsk\u00e9ho sdru\u017een\u00ed \u010cSS, z.s. schv\u00e1lilo odm\u011bny za aktivn\u00ed \u010dinnost v roce 2019 pro kluby viz p\u0159\u00edlohy:<\/p>\n\n\n\n<div class=\"wp-block-file\"><a href=\"https:\/\/www.stcks.cz\/wp-content\/uploads\/2020\/03\/Odme\u030cny-aktivni\u0301-pra\u0301ce-s-mla\u0301d.Str\u030c.KS-19.pdf\" target=\"_blank\" rel=\"noreferrer noopener\">Odme\u030cny klub\u016fm za aktivn\u00ed pr\u00e1ci s ml\u00e1de\u017e\u00ed v roce 2019<\/a><a href=\"https:\/\/www.stcks.cz\/wp-content\/uploads\/2020\/03\/Odme\u030cny-aktivni\u0301-pra\u0301ce-s-mla\u0301d.Str\u030c.KS-19.pdf\" class=\"wp-block-file__button\" download>St\u00e1hnout<\/a><\/div>\n\n\n\n<div class=\"wp-block-file\"><a href=\"https:\/\/www.stcks.cz\/wp-content\/uploads\/2020\/03\/Odme\u030cny-uspor\u030ca\u0301dane\u0301-za\u0301v.Str\u030c.KS-19-1.pdf\">Odme\u030cny za uspo\u0159\u00e1dan\u00e9 z\u00e1vody v roce 2019<\/a><a href=\"https:\/\/www.stcks.cz\/wp-content\/uploads\/2020\/03\/Odme\u030cny-uspor\u030ca\u0301dane\u0301-za\u0301v.Str\u030c.KS-19-1.pdf\" class=\"wp-block-file__button\" download>St\u00e1hnout<\/a><\/div>\n\n\n\n<div class=\"wp-block-file\"><a href=\"https:\/\/www.stcks.cz\/wp-content\/uploads\/2020\/03\/Odme\u030cny-vyh.sportovci-Str\u030c.KS-19.pdf\" target=\"_blank\" rel=\"noreferrer noopener\">Odme\u030cny vyhodnocen\u00fdm sportovc\u016fm v roce 2019<\/a><a href=\"https:\/\/www.stcks.cz\/wp-content\/uploads\/2020\/03\/Odme\u030cny-vyh.sportovci-Str\u030c.KS-19.pdf\" class=\"wp-block-file__button\" download>St\u00e1hnout<\/a><\/div>\n\n\n\n<div class=\"wp-block-file\"><a href=\"https:\/\/www.stcks.cz\/wp-content\/uploads\/2020\/03\/Str\u030celivo-aktivni\u0301-pra\u0301ce-s-mla\u0301d.Str\u030c.KS-19.pdf\" target=\"_blank\" rel=\"noreferrer noopener\">P\u0159\u00edd\u011bl st\u0159eliva pro pr\u00e1ci s ml\u00e1de\u017e\u00ed<\/a><a href=\"https:\/\/www.stcks.cz\/wp-content\/uploads\/2020\/03\/Str\u030celivo-aktivni\u0301-pra\u0301ce-s-mla\u0301d.Str\u030c.KS-19.pdf\" class=\"wp-block-file__button\" download>St\u00e1hnout<\/a><\/div>\n","protected":false},"excerpt":{"rendered":"<p>Veden\u00ed St\u0159edo\u010desk\u00e9ho krajsk\u00e9ho sdru\u017een\u00ed \u010cSS, z.s. schv\u00e1lilo odm\u011bny za aktivn\u00ed \u010dinnost v roce 2019 pro kluby viz p\u0159\u00edlohy:<\/p>\n","protected":false},"author":1,"featured_media":0,"comment_status":"closed","ping_status":"closed","sticky":false,"template":"","format":"standard","meta":{"_crdt_document":"","footnotes":""},"categories":[5],"tags":[],"class_list":["post-1149","post","type-post","status-publish","format-standard","hentry","category-informace-ks"],"_links":{"self":[{"href":"https:\/\/www.stcks.cz\/index.php?rest_route=\/wp\/v2\/posts\/1149","targetHints":{"allow":["GET"]}}],"collection":[{"href":"https:\/\/www.stcks.cz\/index.php?rest_route=\/wp\/v2\/posts"}],"about":[{"href":"https:\/\/www.stcks.cz\/index.php?rest_route=\/wp\/v2\/types\/post"}],"author":[{"embeddable":true,"href":"https:\/\/www.stcks.cz\/index.php?rest_route=\/wp\/v2\/users\/1"}],"replies":[{"embeddable":true,"href":"https:\/\/www.stcks.cz\/index.php?rest_route=%2Fwp%2Fv2%2Fcomments&post=1149"}],"version-history":[{"count":0,"href":"https:\/\/www.stcks.cz\/index.php?rest_route=\/wp\/v2\/posts\/1149\/revisions"}],"wp:attachment":[{"href":"https:\/\/www.stcks.cz\/index.php?rest_route=%2Fwp%2Fv2%2Fmedia&parent=1149"}],"wp:term":[{"taxonomy":"category","embeddable":true,"href":"https:\/\/www.stcks.cz\/index.php?rest_route=%2Fwp%2Fv2%2Fcategories&post=1149"},{"taxonomy":"post_tag","embeddable":true,"href":"https:\/\/www.stcks.cz\/index.php?rest_route=%2Fwp%2Fv2%2Ftags&post=1149"}],"curies":[{"name":"wp","href":"https:\/\/api.w.org\/{rel}","templated":true}]}}