{"id":888,"date":"2019-02-19T11:04:52","date_gmt":"2019-02-19T10:04:52","guid":{"rendered":"https:\/\/www.stcks.cz\/?p=888"},"modified":"2019-02-19T11:04:52","modified_gmt":"2019-02-19T10:04:52","slug":"podekovani-a-zhodnoceni-vc-2019","status":"publish","type":"post","link":"https:\/\/www.stcks.cz\/?p=888","title":{"rendered":"Pod\u011bkov\u00e1n\u00ed a zhodnocen\u00ed VC 2019"},"content":{"rendered":"\n<div class=\"wp-block-file\"><a href=\"https:\/\/www.stcks.cz\/wp-content\/uploads\/2019\/02\/Pode\u030ckova\u0301ni\u0301-VC-Str\u030cedoc\u030ceske\u0301ho-kraje-2019.pdf\">Pode\u030ckova\u0301ni\u0301 &#8211; cel\u00fd text<\/a><a href=\"https:\/\/www.stcks.cz\/wp-content\/uploads\/2019\/02\/Pode\u030ckova\u0301ni\u0301-VC-Str\u030cedoc\u030ceske\u0301ho-kraje-2019.pdf\" class=\"wp-block-file__button\" download>St\u00e1hnout<\/a><\/div>\n\n\n\n<p class=\"wp-block-paragraph\">V\u00e1\u017een\u00ed<br> ve dnech 16. &#8211; 17.2.2019 se uskute\u010dnil ji\u017e XVII. ro\u010dn\u00edk Velk\u00e9 ceny St\u0159edo\u010desk\u00e9ho kraje s mezin\u00e1rodn\u00ed \u00fa\u010dast\u00ed. Tato sout\u011b\u017e je nejv\u011bt\u0161\u00ed st\u0159eleckou sout\u011b\u017e\u00ed sv\u00e9ho druhu v \u010cR a je ur\u010dena pro v\u0161echny kategorie &#8211; od ml\u00e1de\u017enick\u00fdch a\u017e po seniorsk\u00e9. Sout\u011b\u017e je za\u0159azena do nejvy\u0161\u0161\u00ed kategorie I. a z\u00e1rove\u0148 je sledovan\u00fdm z\u00e1vodem reprezentace \u010cR. <\/p>\n\n\n\n<p class=\"wp-block-paragraph\">V leto\u0161n\u00edm ro\u010dn\u00edku se v t\u00e9to sout\u011b\u017ei ve dvou dnech uskute\u010dnilo 15 z\u00e1vod\u016f v r\u016fzn\u00fdch\ndiscipl\u00edn\u00e1ch a kategori\u00edch st\u0159elby ze vzduchov\u00fdch zbran\u00ed, v\u010detn\u011b olympijsk\u00fdch. V sout\u011b\u017ei\njsme zaregistrovali celkem rekordn\u00edch 600 start\u016f a v\u011b\u0159\u00edme, \u017ee v roce 2020 se n\u00e1m je poda\u0159\u00ed\nop\u011bt nav\u00fd\u0161it. V r\u00e1mci t\u00e9to sout\u011b\u017ee prob\u011bhl jako ka\u017edoro\u010dn\u011b vlo\u017een\u00fd z\u00e1vod dru\u017estev, v\ndiscipl\u00edn\u011b VzPu a VzPi do 18.let, kter\u00e9ho se z\u00fa\u010dastnil i kraj Bratislavsk\u00fd.\n<\/p>\n\n\n\n<p class=\"wp-block-paragraph\">V\u00fdsledkov\u00e9 listiny byly zve\u0159ejn\u011bny na internetov\u00fdch str\u00e1nk\u00e1ch \u010cesk\u00e9ho st\u0159eleck\u00e9ho svazu a\nstr\u00e1nk\u00e1ch St\u0159edo\u010desk\u00e9ho krajsk\u00e9ho sdru\u017een\u00ed. V region\u00e1ln\u00edch den\u00edc\u00edch byla rovn\u011b\u017e zve\u0159ejn\u011bna\nzpr\u00e1va o t\u00e9to sout\u011b\u017ei.\n<\/p>\n\n\n\n<p class=\"wp-block-paragraph\">P\u0159edev\u0161\u00edm bych V\u00e1m V\u0161em r\u00e1d pod\u011bkoval za sympatie a ve\u0161kerou pomoc\np\u0159i zaji\u0161t\u011bn\u00ed t\u00e9to sportovn\u00ed akce, velmi si toho v\u00e1\u017e\u00edm a t\u011b\u0161\u00edm se na dal\u0161\u00ed\nspolupr\u00e1ci!\n<\/p>\n\n\n\n<p class=\"wp-block-paragraph\">S pozdravem\n<\/p>\n\n\n\n<p class=\"wp-block-paragraph\">Za St\u0159edo\u010desk\u00e9 KS \u010cSS, z.s.\n<\/p>\n\n\n\n<p class=\"wp-block-paragraph\">Videck\u00fd Jan\n<\/p>\n\n\n\n<p class=\"wp-block-paragraph\">p\u0159edseda St\u0159edo\u010desk\u00e9ho KS \u010cSS, z.s.<br>\n<\/p>\n","protected":false},"excerpt":{"rendered":"<p>V\u00e1\u017een\u00ed ve dnech 16. &#8211; 17.2.2019 se uskute\u010dnil ji\u017e XVII. ro\u010dn\u00edk Velk\u00e9 ceny St\u0159edo\u010desk\u00e9ho kraje s mezin\u00e1rodn\u00ed \u00fa\u010dast\u00ed. Tato sout\u011b\u017e je nejv\u011bt\u0161\u00ed st\u0159eleckou sout\u011b\u017e\u00ed sv\u00e9ho druhu v \u010cR a je ur\u010dena pro v\u0161echny kategorie &#8211; od ml\u00e1de\u017enick\u00fdch a\u017e po seniorsk\u00e9&#8230;.<br \/><a class=\"read-more-button\" href=\"https:\/\/www.stcks.cz\/?p=888\">\u010c\u00edst v\u00edce<\/a><\/p>\n","protected":false},"author":1,"featured_media":0,"comment_status":"closed","ping_status":"closed","sticky":false,"template":"","format":"standard","meta":{"_crdt_document":"","footnotes":""},"categories":[2,5],"tags":[],"class_list":["post-888","post","type-post","status-publish","format-standard","hentry","category-cinnost","category-informace-ks"],"_links":{"self":[{"href":"https:\/\/www.stcks.cz\/index.php?rest_route=\/wp\/v2\/posts\/888","targetHints":{"allow":["GET"]}}],"collection":[{"href":"https:\/\/www.stcks.cz\/index.php?rest_route=\/wp\/v2\/posts"}],"about":[{"href":"https:\/\/www.stcks.cz\/index.php?rest_route=\/wp\/v2\/types\/post"}],"author":[{"embeddable":true,"href":"https:\/\/www.stcks.cz\/index.php?rest_route=\/wp\/v2\/users\/1"}],"replies":[{"embeddable":true,"href":"https:\/\/www.stcks.cz\/index.php?rest_route=%2Fwp%2Fv2%2Fcomments&post=888"}],"version-history":[{"count":0,"href":"https:\/\/www.stcks.cz\/index.php?rest_route=\/wp\/v2\/posts\/888\/revisions"}],"wp:attachment":[{"href":"https:\/\/www.stcks.cz\/index.php?rest_route=%2Fwp%2Fv2%2Fmedia&parent=888"}],"wp:term":[{"taxonomy":"category","embeddable":true,"href":"https:\/\/www.stcks.cz\/index.php?rest_route=%2Fwp%2Fv2%2Fcategories&post=888"},{"taxonomy":"post_tag","embeddable":true,"href":"https:\/\/www.stcks.cz\/index.php?rest_route=%2Fwp%2Fv2%2Ftags&post=888"}],"curies":[{"name":"wp","href":"https:\/\/api.w.org\/{rel}","templated":true}]}}