{"id":919,"date":"2019-02-25T21:09:44","date_gmt":"2019-02-25T20:09:44","guid":{"rendered":"https:\/\/www.stcks.cz\/?p=919"},"modified":"2019-02-25T21:09:44","modified_gmt":"2019-02-25T20:09:44","slug":"proplaceni-startovneho-na-mcr-vzduch-2019","status":"publish","type":"post","link":"https:\/\/www.stcks.cz\/?p=919","title":{"rendered":"Odm\u011bna \u2013 propl\u00e1cen\u00ed startovn\u00e9ho dle um\u00edst\u011bn\u00ed na M\u010cR 2019 vzduch"},"content":{"rendered":"\n<p class=\"wp-block-paragraph\">Veden\u00ed St\u0159edo\u010desk\u00e9ho krajsk\u00e9ho sdru\u017een\u00ed odm\u011bn\u00ed \u00fasp\u011b\u0161n\u00e9 st\u0159elce na Mistrovstv\u00ed \u010cR ve sportovn\u00ed st\u0159elb\u011b 2019 v Plzni takto:<\/p>\n\n\n\n<p class=\"wp-block-paragraph\">Jednotlivc\u016fm um\u00edst\u011bn\u00fdm do 8. m\u00edsta proplat\u00ed St\u0159edo\u010desk\u00e9ho krajsk\u00e9ho sdru\u017een\u00ed startovn\u00e9.<\/p>\n\n\n\n<p class=\"wp-block-paragraph\">St\u0159elc\u016fm startuj\u00edc\u00ed v dru\u017estvu St\u0159edo\u010desk\u00e9ho krajsk\u00e9ho sdru\u017een\u00ed um\u00edst\u011bn\u00e9ho do 3. m\u00edsta bude proplaceno startovn\u00e9.<\/p>\n\n\n\n<p class=\"wp-block-paragraph\">Startovn\u00e9 \u00fasp\u011b\u0161n\u00fdm st\u0159elc\u016fm vyplat\u00ed dle v\u00fd\u0161e uveden\u00fdch podm\u00ednek po p\u0159edlo\u017een\u00ed dokladu o zaplacen\u00ed startovn\u00e9ho p. Milan Suntych.<\/p>\n\n\n\n<p class=\"wp-block-paragraph\">V\u00fdbor KS.<\/p>\n\n\n\n<p class=\"wp-block-paragraph\"><\/p>\n","protected":false},"excerpt":{"rendered":"<p>Veden\u00ed St\u0159edo\u010desk\u00e9ho krajsk\u00e9ho sdru\u017een\u00ed odm\u011bn\u00ed \u00fasp\u011b\u0161n\u00e9 st\u0159elce na Mistrovstv\u00ed \u010cR ve sportovn\u00ed st\u0159elb\u011b 2019 v Plzni takto: Jednotlivc\u016fm um\u00edst\u011bn\u00fdm do 8. m\u00edsta proplat\u00ed St\u0159edo\u010desk\u00e9ho krajsk\u00e9ho sdru\u017een\u00ed startovn\u00e9. St\u0159elc\u016fm startuj\u00edc\u00ed v dru\u017estvu St\u0159edo\u010desk\u00e9ho krajsk\u00e9ho sdru\u017een\u00ed um\u00edst\u011bn\u00e9ho do 3. m\u00edsta bude proplaceno&#8230;<br \/><a class=\"read-more-button\" href=\"https:\/\/www.stcks.cz\/?p=919\">\u010c\u00edst v\u00edce<\/a><\/p>\n","protected":false},"author":1,"featured_media":0,"comment_status":"closed","ping_status":"closed","sticky":false,"template":"","format":"standard","meta":{"_crdt_document":"","footnotes":""},"categories":[5],"tags":[],"class_list":["post-919","post","type-post","status-publish","format-standard","hentry","category-informace-ks"],"_links":{"self":[{"href":"https:\/\/www.stcks.cz\/index.php?rest_route=\/wp\/v2\/posts\/919","targetHints":{"allow":["GET"]}}],"collection":[{"href":"https:\/\/www.stcks.cz\/index.php?rest_route=\/wp\/v2\/posts"}],"about":[{"href":"https:\/\/www.stcks.cz\/index.php?rest_route=\/wp\/v2\/types\/post"}],"author":[{"embeddable":true,"href":"https:\/\/www.stcks.cz\/index.php?rest_route=\/wp\/v2\/users\/1"}],"replies":[{"embeddable":true,"href":"https:\/\/www.stcks.cz\/index.php?rest_route=%2Fwp%2Fv2%2Fcomments&post=919"}],"version-history":[{"count":0,"href":"https:\/\/www.stcks.cz\/index.php?rest_route=\/wp\/v2\/posts\/919\/revisions"}],"wp:attachment":[{"href":"https:\/\/www.stcks.cz\/index.php?rest_route=%2Fwp%2Fv2%2Fmedia&parent=919"}],"wp:term":[{"taxonomy":"category","embeddable":true,"href":"https:\/\/www.stcks.cz\/index.php?rest_route=%2Fwp%2Fv2%2Fcategories&post=919"},{"taxonomy":"post_tag","embeddable":true,"href":"https:\/\/www.stcks.cz\/index.php?rest_route=%2Fwp%2Fv2%2Ftags&post=919"}],"curies":[{"name":"wp","href":"https:\/\/api.w.org\/{rel}","templated":true}]}}